{"id":2362,"date":"2025-07-11T19:42:03","date_gmt":"2025-07-11T19:42:03","guid":{"rendered":"https:\/\/gbl-eshop.net\/?p=2362"},"modified":"2025-07-11T19:42:08","modified_gmt":"2025-07-11T19:42:08","slug":"cyclamen-purpurascens","status":"publish","type":"post","link":"https:\/\/gbl-eshop.net\/en\/cyclamen-purpurascens\/","title":{"rendered":"Cyclamen purpurascens: Alles \u00fcber die Pflege und Vermehrung"},"content":{"rendered":"<p>The <strong>purpurrote Alpenveilchen<\/strong>-Sorte ist eine der sch\u00f6nsten <em>Zimmerpflanzen<\/em>. Sie ist bekannt f\u00fcr ihre atemberaubenden Bl\u00fcten. Ein interessantes Faktum ist, dass diese Pflanze in der <strong>Hom\u00f6opathie<\/strong> vielf\u00e4ltig eingesetzt wird.<\/p>\n\n\n\n<figure class=\"wp-block-image\"><img decoding=\"async\" src=\"https:\/\/storage.googleapis.com\/48877118-7272-4a4d-b302-0465d8aa4548\/03c7ec0b-7d23-430f-af0e-1a4701722267\/15b1cd00-980d-4db9-977b-aea888f23351.jpg\" alt=\"cyclamen purpurascens\u200b\"\/><\/figure>\n\n\n\n<p>Mit ihrer eleganten Erscheinung und einfachen <strong>Pflege<\/strong> ist die <strong>Cyclamen purpurascens<\/strong> sehr beliebt. Sie ist nicht nur sch\u00f6n, sondern auch therapeutisch wertvoll.<\/p>\n\n\n\n<div id=\"ez-toc-container\" class=\"ez-toc-v2_0_82_2 counter-hierarchy ez-toc-counter ez-toc-grey ez-toc-container-direction\">\n<div class=\"ez-toc-title-container\">\n<p class=\"ez-toc-title\" style=\"cursor:inherit\">Table of Contents<\/p>\n<span class=\"ez-toc-title-toggle\"><a href=\"#\" class=\"ez-toc-pull-right ez-toc-btn ez-toc-btn-xs ez-toc-btn-default ez-toc-toggle\" aria-label=\"Toggle Table of Content\"><span class=\"ez-toc-js-icon-con\"><span class=\"\"><span class=\"eztoc-hide\" style=\"display:none;\">Toggle<\/span><span class=\"ez-toc-icon-toggle-span\"><svg style=\"fill: #999;color:#999\" xmlns=\"http:\/\/www.w3.org\/2000\/svg\" class=\"list-377408\" width=\"20px\" height=\"20px\" viewbox=\"0 0 24 24\" fill=\"none\"><path d=\"M6 6H4v2h2V6zm14 0H8v2h12V6zM4 11h2v2H4v-2zm16 0H8v2h12v-2zM4 16h2v2H4v-2zm16 0H8v2h12v-2z\" fill=\"currentColor\"><\/path><\/svg><svg style=\"fill: #999;color:#999\" class=\"arrow-unsorted-368013\" xmlns=\"http:\/\/www.w3.org\/2000\/svg\" width=\"10px\" height=\"10px\" viewbox=\"0 0 24 24\" version=\"1.2\" baseprofile=\"tiny\"><path d=\"M18.2 9.3l-6.2-6.3-6.2 6.3c-.2.2-.3.4-.3.7s.1.5.3.7c.2.2.4.3.7.3h11c.3 0 .5-.1.7-.3.2-.2.3-.5.3-.7s-.1-.5-.3-.7zM5.8 14.7l6.2 6.3 6.2-6.3c.2-.2.3-.5.3-.7s-.1-.5-.3-.7c-.2-.2-.4-.3-.7-.3h-11c-.3 0-.5.1-.7.3-.2.2-.3.5-.3.7s.1.5.3.7z\"\/><\/svg><\/span><\/span><\/span><\/a><\/span><\/div>\n<nav><ul class='ez-toc-list ez-toc-list-level-1' ><ul class='ez-toc-list-level-3' ><li class='ez-toc-heading-level-3'><a class=\"ez-toc-link ez-toc-heading-1\" href=\"https:\/\/gbl-eshop.net\/en\/cyclamen-purpurascens\/#Wichtige_Erkenntnisse\" >Important findings<\/a><\/li><\/ul><\/li><li class='ez-toc-page-1 ez-toc-heading-level-2'><a class=\"ez-toc-link ez-toc-heading-2\" href=\"https:\/\/gbl-eshop.net\/en\/cyclamen-purpurascens\/#Das_Purpurrote_Alpenveilchen_Merkmale_und_Eigenschaften\" >Das Purpurrote Alpenveilchen: Merkmale und Eigenschaften<\/a><ul class='ez-toc-list-level-3' ><li class='ez-toc-heading-level-3'><a class=\"ez-toc-link ez-toc-heading-3\" href=\"https:\/\/gbl-eshop.net\/en\/cyclamen-purpurascens\/#Botanische_Einordnung_und_Herkunft\" >Botanische Einordnung und Herkunft<\/a><\/li><li class='ez-toc-page-1 ez-toc-heading-level-3'><a class=\"ez-toc-link ez-toc-heading-4\" href=\"https:\/\/gbl-eshop.net\/en\/cyclamen-purpurascens\/#Erscheinungsbild_und_Besonderheiten\" >Erscheinungsbild und Besonderheiten<\/a><ul class='ez-toc-list-level-4' ><li class='ez-toc-heading-level-4'><a class=\"ez-toc-link ez-toc-heading-5\" href=\"https:\/\/gbl-eshop.net\/en\/cyclamen-purpurascens\/#Bluten_und_Blatter\" >Bl\u00fcten und Bl\u00e4tter<\/a><\/li><li class='ez-toc-page-1 ez-toc-heading-level-4'><a class=\"ez-toc-link ez-toc-heading-6\" href=\"https:\/\/gbl-eshop.net\/en\/cyclamen-purpurascens\/#Knollenform_und_-grose\" >Knollenform und -gr\u00f6\u00dfe<\/a><\/li><\/ul><\/li><li class='ez-toc-page-1 ez-toc-heading-level-3'><a class=\"ez-toc-link ez-toc-heading-7\" href=\"https:\/\/gbl-eshop.net\/en\/cyclamen-purpurascens\/#Naturlicher_Lebensraum\" >Nat\u00fcrlicher Lebensraum<\/a><\/li><\/ul><\/li><li class='ez-toc-page-1 ez-toc-heading-level-2'><a class=\"ez-toc-link ez-toc-heading-8\" href=\"https:\/\/gbl-eshop.net\/en\/cyclamen-purpurascens\/#Standortanspruche_von_Cyclamen_purpurascens\" >Standortanspr\u00fcche von Cyclamen purpurascens<\/a><ul class='ez-toc-list-level-3' ><li class='ez-toc-heading-level-3'><a class=\"ez-toc-link ez-toc-heading-9\" href=\"https:\/\/gbl-eshop.net\/en\/cyclamen-purpurascens\/#Lichtbedarf_und_ideale_Positionierung\" >Lichtbedarf und ideale Positionierung<\/a><\/li><li class='ez-toc-page-1 ez-toc-heading-level-3'><a class=\"ez-toc-link ez-toc-heading-10\" href=\"https:\/\/gbl-eshop.net\/en\/cyclamen-purpurascens\/#Temperaturanforderungen_im_Jahresverlauf\" >Temperaturanforderungen im Jahresverlauf<\/a><\/li><li class='ez-toc-page-1 ez-toc-heading-level-3'><a class=\"ez-toc-link ez-toc-heading-11\" href=\"https:\/\/gbl-eshop.net\/en\/cyclamen-purpurascens\/#Geeignete_Boden_und_Substrate\" >Geeignete B\u00f6den und Substrate<\/a><ul class='ez-toc-list-level-4' ><li class='ez-toc-heading-level-4'><a class=\"ez-toc-link ez-toc-heading-12\" href=\"https:\/\/gbl-eshop.net\/en\/cyclamen-purpurascens\/#pH-Wert_und_Bodenbeschaffenheit\" >pH-Wert und Bodenbeschaffenheit<\/a><\/li><li class='ez-toc-page-1 ez-toc-heading-level-4'><a class=\"ez-toc-link ez-toc-heading-13\" href=\"https:\/\/gbl-eshop.net\/en\/cyclamen-purpurascens\/#Drainage_und_Wasserdurchlassigkeit\" >Drainage und Wasserdurchl\u00e4ssigkeit<\/a><\/li><\/ul><\/li><\/ul><\/li><li class='ez-toc-page-1 ez-toc-heading-level-2'><a class=\"ez-toc-link ez-toc-heading-14\" href=\"https:\/\/gbl-eshop.net\/en\/cyclamen-purpurascens\/#Die_richtige_Pflege_des_Alpenveilchens\" >Die richtige Pflege des Alpenveilchens<\/a><ul class='ez-toc-list-level-3' ><li class='ez-toc-heading-level-3'><a class=\"ez-toc-link ez-toc-heading-15\" href=\"https:\/\/gbl-eshop.net\/en\/cyclamen-purpurascens\/#Bewasserung_Haufigkeit_und_Methoden\" >Bew\u00e4sserung: H\u00e4ufigkeit und Methoden<\/a><ul class='ez-toc-list-level-4' ><li class='ez-toc-heading-level-4'><a class=\"ez-toc-link ez-toc-heading-16\" href=\"https:\/\/gbl-eshop.net\/en\/cyclamen-purpurascens\/#Giestechniken\" >Gie\u00dftechniken<\/a><\/li><li class='ez-toc-page-1 ez-toc-heading-level-4'><a class=\"ez-toc-link ez-toc-heading-17\" href=\"https:\/\/gbl-eshop.net\/en\/cyclamen-purpurascens\/#Wasserbedarf_nach_Jahreszeit\" >Wasserbedarf nach Jahreszeit<\/a><\/li><\/ul><\/li><li class='ez-toc-page-1 ez-toc-heading-level-3'><a class=\"ez-toc-link ez-toc-heading-18\" href=\"https:\/\/gbl-eshop.net\/en\/cyclamen-purpurascens\/#Dungung_fur_gesundes_Wachstum\" >D\u00fcngung f\u00fcr gesundes Wachstum<\/a><\/li><li class='ez-toc-page-1 ez-toc-heading-level-3'><a class=\"ez-toc-link ez-toc-heading-19\" href=\"https:\/\/gbl-eshop.net\/en\/cyclamen-purpurascens\/#Uberwinterung_und_Ruhephasen\" >\u00dcberwinterung und Ruhephasen<\/a><\/li><\/ul><\/li><li class='ez-toc-page-1 ez-toc-heading-level-2'><a class=\"ez-toc-link ez-toc-heading-20\" href=\"https:\/\/gbl-eshop.net\/en\/cyclamen-purpurascens\/#Cyclamen_purpurascens_Erfolgreiche_Vermehrungsmethoden\" >Cyclamen purpurascens: Erfolgreiche Vermehrungsmethoden<\/a><ul class='ez-toc-list-level-3' ><li class='ez-toc-heading-level-3'><a class=\"ez-toc-link ez-toc-heading-21\" href=\"https:\/\/gbl-eshop.net\/en\/cyclamen-purpurascens\/#Vermehrung_durch_Samen\" >Vermehrung durch Samen<\/a><ul class='ez-toc-list-level-4' ><li class='ez-toc-heading-level-4'><a class=\"ez-toc-link ez-toc-heading-22\" href=\"https:\/\/gbl-eshop.net\/en\/cyclamen-purpurascens\/#Saatgutgewinnung\" >Saatgutgewinnung<\/a><\/li><li class='ez-toc-page-1 ez-toc-heading-level-4'><a class=\"ez-toc-link ez-toc-heading-23\" href=\"https:\/\/gbl-eshop.net\/en\/cyclamen-purpurascens\/#Aussaat_und_Keimung\" >Aussaat und Keimung<\/a><\/li><\/ul><\/li><li class='ez-toc-page-1 ez-toc-heading-level-3'><a class=\"ez-toc-link ez-toc-heading-24\" href=\"https:\/\/gbl-eshop.net\/en\/cyclamen-purpurascens\/#Teilung_der_Knollen\" >Teilung der Knollen<\/a><\/li><li class='ez-toc-page-1 ez-toc-heading-level-3'><a class=\"ez-toc-link ez-toc-heading-25\" href=\"https:\/\/gbl-eshop.net\/en\/cyclamen-purpurascens\/#Zeitpunkt_und_Vorgehensweise\" >Zeitpunkt und Vorgehensweise<\/a><\/li><\/ul><\/li><li class='ez-toc-page-1 ez-toc-heading-level-2'><a class=\"ez-toc-link ez-toc-heading-26\" href=\"https:\/\/gbl-eshop.net\/en\/cyclamen-purpurascens\/#Krankheiten_und_Schadlinge_erkennen_und_bekampfen\" >Krankheiten und Sch\u00e4dlinge erkennen und bek\u00e4mpfen<\/a><ul class='ez-toc-list-level-3' ><li class='ez-toc-heading-level-3'><a class=\"ez-toc-link ez-toc-heading-27\" href=\"https:\/\/gbl-eshop.net\/en\/cyclamen-purpurascens\/#Typische_Krankheitsbilder\" >Typische Krankheitsbilder<\/a><ul class='ez-toc-list-level-4' ><li class='ez-toc-heading-level-4'><a class=\"ez-toc-link ez-toc-heading-28\" href=\"https:\/\/gbl-eshop.net\/en\/cyclamen-purpurascens\/#Pilzerkrankungen\" >Pilzerkrankungen<\/a><\/li><\/ul><\/li><li class='ez-toc-page-1 ez-toc-heading-level-3'><a class=\"ez-toc-link ez-toc-heading-29\" href=\"https:\/\/gbl-eshop.net\/en\/cyclamen-purpurascens\/#Haufige_Schadlinge\" >H\u00e4ufige Sch\u00e4dlinge<\/a><\/li><li class='ez-toc-page-1 ez-toc-heading-level-3'><a class=\"ez-toc-link ez-toc-heading-30\" href=\"https:\/\/gbl-eshop.net\/en\/cyclamen-purpurascens\/#Biologische_und_chemische_Bekampfungsmethoden\" >Biologische und chemische Bek\u00e4mpfungsmethoden<\/a><\/li><\/ul><\/li><li class='ez-toc-page-1 ez-toc-heading-level-2'><a class=\"ez-toc-link ez-toc-heading-31\" href=\"https:\/\/gbl-eshop.net\/en\/cyclamen-purpurascens\/#Cyclamen_purpurascens_in_der_Homoopathie_und_Medizin\" >Cyclamen purpurascens in der Hom\u00f6opathie und Medizin<\/a><ul class='ez-toc-list-level-3' ><li class='ez-toc-heading-level-3'><a class=\"ez-toc-link ez-toc-heading-32\" href=\"https:\/\/gbl-eshop.net\/en\/cyclamen-purpurascens\/#Traditionelle_Anwendungsgebiete\" >Traditionelle Anwendungsgebiete<\/a><\/li><li class='ez-toc-page-1 ez-toc-heading-level-3'><a class=\"ez-toc-link ez-toc-heading-33\" href=\"https:\/\/gbl-eshop.net\/en\/cyclamen-purpurascens\/#Moderne_homoopathische_Verwendung\" >Moderne hom\u00f6opathische Verwendung<\/a><ul class='ez-toc-list-level-4' ><li class='ez-toc-heading-level-4'><a class=\"ez-toc-link ez-toc-heading-34\" href=\"https:\/\/gbl-eshop.net\/en\/cyclamen-purpurascens\/#Cyclamen_purpurascens_Dil_D3\" >Cyclamen purpurascens Dil. D3<\/a><\/li><li class='ez-toc-page-1 ez-toc-heading-level-4'><a class=\"ez-toc-link ez-toc-heading-35\" href=\"https:\/\/gbl-eshop.net\/en\/cyclamen-purpurascens\/#Dosierung_und_Anwendung\" >Dosierung und Anwendung<\/a><\/li><\/ul><\/li><li class='ez-toc-page-1 ez-toc-heading-level-3'><a class=\"ez-toc-link ez-toc-heading-36\" href=\"https:\/\/gbl-eshop.net\/en\/cyclamen-purpurascens\/#Mogliche_Nebenwirkungen_und_Vorsichtsmasnahmen\" >M\u00f6gliche Nebenwirkungen und Vorsichtsma\u00dfnahmen<\/a><\/li><\/ul><\/li><li class='ez-toc-page-1 ez-toc-heading-level-2'><a class=\"ez-toc-link ez-toc-heading-37\" href=\"https:\/\/gbl-eshop.net\/en\/cyclamen-purpurascens\/#Gestaltungsideen_mit_dem_Purpurroten_Alpenveilchen\" >Gestaltungsideen mit dem Purpurroten Alpenveilchen<\/a><ul class='ez-toc-list-level-3' ><li class='ez-toc-heading-level-3'><a class=\"ez-toc-link ez-toc-heading-38\" href=\"https:\/\/gbl-eshop.net\/en\/cyclamen-purpurascens\/#Als_Zimmerpflanze\" >Als Zimmerpflanze<\/a><\/li><li class='ez-toc-page-1 ez-toc-heading-level-3'><a class=\"ez-toc-link ez-toc-heading-39\" href=\"https:\/\/gbl-eshop.net\/en\/cyclamen-purpurascens\/#Im_Garten_und_auf_dem_Balkon\" >Im Garten und auf dem Balkon<\/a><ul class='ez-toc-list-level-4' ><li class='ez-toc-heading-level-4'><a class=\"ez-toc-link ez-toc-heading-40\" href=\"https:\/\/gbl-eshop.net\/en\/cyclamen-purpurascens\/#Als_Bodendecker_im_Schattengarten\" >Als Bodendecker im Schattengarten<\/a><\/li><li class='ez-toc-page-1 ez-toc-heading-level-4'><a class=\"ez-toc-link ez-toc-heading-41\" href=\"https:\/\/gbl-eshop.net\/en\/cyclamen-purpurascens\/#Winterharte_Verwendung\" >Winterharte Verwendung<\/a><\/li><\/ul><\/li><li class='ez-toc-page-1 ez-toc-heading-level-3'><a class=\"ez-toc-link ez-toc-heading-42\" href=\"https:\/\/gbl-eshop.net\/en\/cyclamen-purpurascens\/#Kombination_mit_anderen_Pflanzen\" >Kombination mit anderen Pflanzen<\/a><\/li><\/ul><\/li><li class='ez-toc-page-1 ez-toc-heading-level-2'><a class=\"ez-toc-link ez-toc-heading-43\" href=\"https:\/\/gbl-eshop.net\/en\/cyclamen-purpurascens\/#Cyclamen_purpurascens_kaufen_Worauf_Sie_achten_sollten\" >Cyclamen purpurascens kaufen: Worauf Sie achten sollten<\/a><ul class='ez-toc-list-level-3' ><li class='ez-toc-heading-level-3'><a class=\"ez-toc-link ez-toc-heading-44\" href=\"https:\/\/gbl-eshop.net\/en\/cyclamen-purpurascens\/#Qualitatsmerkmale_beim_Kauf\" >Qualit\u00e4tsmerkmale beim Kauf<\/a><\/li><li class='ez-toc-page-1 ez-toc-heading-level-3'><a class=\"ez-toc-link ez-toc-heading-45\" href=\"https:\/\/gbl-eshop.net\/en\/cyclamen-purpurascens\/#Bezugsquellen_und_Preise\" >Bezugsquellen und Preise<\/a><ul class='ez-toc-list-level-4' ><li class='ez-toc-heading-level-4'><a class=\"ez-toc-link ez-toc-heading-46\" href=\"https:\/\/gbl-eshop.net\/en\/cyclamen-purpurascens\/#Gartnereien_und_Fachhandel\" >G\u00e4rtnereien und Fachhandel<\/a><\/li><li class='ez-toc-page-1 ez-toc-heading-level-4'><a class=\"ez-toc-link ez-toc-heading-47\" href=\"https:\/\/gbl-eshop.net\/en\/cyclamen-purpurascens\/#Online-Bezugsquellen\" >Online-Bezugsquellen<\/a><\/li><\/ul><\/li><li class='ez-toc-page-1 ez-toc-heading-level-3'><a class=\"ez-toc-link ez-toc-heading-48\" href=\"https:\/\/gbl-eshop.net\/en\/cyclamen-purpurascens\/#Saisonale_Verfugbarkeit\" >Saisonale Verf\u00fcgbarkeit<\/a><\/li><\/ul><\/li><li class='ez-toc-page-1 ez-toc-heading-level-2'><a class=\"ez-toc-link ez-toc-heading-49\" href=\"https:\/\/gbl-eshop.net\/en\/cyclamen-purpurascens\/#Fazit_Das_Purpurrote_Alpenveilchen_als_vielseitige_Bereicherung\" >Fazit: Das Purpurrote Alpenveilchen als vielseitige Bereicherung<\/a><\/li><li class='ez-toc-page-1 ez-toc-heading-level-2'><a class=\"ez-toc-link ez-toc-heading-50\" href=\"https:\/\/gbl-eshop.net\/en\/cyclamen-purpurascens\/#FAQ\" >FAQ<\/a><ul class='ez-toc-list-level-3' ><li class='ez-toc-heading-level-3'><a class=\"ez-toc-link ez-toc-heading-51\" href=\"https:\/\/gbl-eshop.net\/en\/cyclamen-purpurascens\/#Was_ist_Cyclamen_purpurascens_und_wie_wird_es_auch_bezeichnet\" >Was ist Cyclamen purpurascens und wie wird es auch bezeichnet?<\/a><\/li><li class='ez-toc-page-1 ez-toc-heading-level-3'><a class=\"ez-toc-link ez-toc-heading-52\" href=\"https:\/\/gbl-eshop.net\/en\/cyclamen-purpurascens\/#Wie_pflegt_man_Cyclamen_purpurascens_richtig\" >Wie pflegt man Cyclamen purpurascens richtig?<\/a><\/li><li class='ez-toc-page-1 ez-toc-heading-level-3'><a class=\"ez-toc-link ez-toc-heading-53\" href=\"https:\/\/gbl-eshop.net\/en\/cyclamen-purpurascens\/#Wie_kann_man_Cyclamen_purpurascens_vermehren\" >Wie kann man Cyclamen purpurascens vermehren?<\/a><\/li><li class='ez-toc-page-1 ez-toc-heading-level-3'><a class=\"ez-toc-link ez-toc-heading-54\" href=\"https:\/\/gbl-eshop.net\/en\/cyclamen-purpurascens\/#Welche_Anwendungsgebiete_hat_Cyclamen_purpurascens_in_der_Homoopathie\" >Welche Anwendungsgebiete hat Cyclamen purpurascens in der Hom\u00f6opathie?<\/a><\/li><li class='ez-toc-page-1 ez-toc-heading-level-3'><a class=\"ez-toc-link ez-toc-heading-55\" href=\"https:\/\/gbl-eshop.net\/en\/cyclamen-purpurascens\/#Wo_kann_man_Cyclamen_purpurascens_kaufen_und_worauf_sollte_man_achten\" >Wo kann man Cyclamen purpurascens kaufen und worauf sollte man achten?<\/a><\/li><li class='ez-toc-page-1 ez-toc-heading-level-3'><a class=\"ez-toc-link ez-toc-heading-56\" href=\"https:\/\/gbl-eshop.net\/en\/cyclamen-purpurascens\/#Wie_kann_Cyclamen_purpurascens_im_Garten_oder_auf_dem_Balkon_verwendet_werden\" >Wie kann Cyclamen purpurascens im Garten oder auf dem Balkon verwendet werden?<\/a><\/li><li class='ez-toc-page-1 ez-toc-heading-level-3'><a class=\"ez-toc-link ez-toc-heading-57\" href=\"https:\/\/gbl-eshop.net\/en\/cyclamen-purpurascens\/#Welche_Krankheiten_und_Schadlinge_konnen_Cyclamen_purpurascens_befallen\" >Welche Krankheiten und Sch\u00e4dlinge k\u00f6nnen Cyclamen purpurascens befallen?<\/a><\/li><li class='ez-toc-page-1 ez-toc-heading-level-3'><a class=\"ez-toc-link ez-toc-heading-58\" href=\"https:\/\/gbl-eshop.net\/en\/cyclamen-purpurascens\/#Wie_uberwintert_man_Cyclamen_purpurascens\" >Wie \u00fcberwintert man Cyclamen purpurascens?<\/a><\/li><li class='ez-toc-page-1 ez-toc-heading-level-3'><a class=\"ez-toc-link ez-toc-heading-59\" href=\"https:\/\/gbl-eshop.net\/en\/cyclamen-purpurascens\/#Was_sind_die_Vorteile_von_Cyclamen_purpurascens_Dil_D3\" >Was sind die Vorteile von Cyclamen purpurascens Dil. D3?<\/a><\/li><\/ul><\/li><\/ul><\/nav><\/div>\n<h3 class=\"wp-block-heading\"><span class=\"ez-toc-section\" id=\"Wichtige_Erkenntnisse\"><\/span>Important findings<span class=\"ez-toc-section-end\"><\/span><\/h3>\n\n\n\n<ul class=\"wp-block-list\">\n<li><strong>Purpurrote Alpenveilchen<\/strong> are <strong>pflegeleicht<\/strong> und ideal f\u00fcr Zimmerg\u00e4rtner.<\/li>\n\n\n\n<li>Sie bieten atemberaubende Bl\u00fcten und eine elegante Erscheinung.<\/li>\n\n\n\n<li><strong>Cyclamen purpurascens<\/strong> hat vielf\u00e4ltige Anwendungen in der <strong>Hom\u00f6opathie<\/strong>.<\/li>\n\n\n\n<li>Die Pflanze ist relativ einfach zu pflegen und zu vermehren.<\/li>\n\n\n\n<li>Ideal f\u00fcr diejenigen, die eine sch\u00f6ne und therapeutische Pflanze suchen.<\/li>\n<\/ul>\n\n\n\n<h2 class=\"wp-block-heading\"><span class=\"ez-toc-section\" id=\"Das_Purpurrote_Alpenveilchen_Merkmale_und_Eigenschaften\"><\/span>Das Purpurrote Alpenveilchen: Merkmale und Eigenschaften<span class=\"ez-toc-section-end\"><\/span><\/h2>\n\n\n\n<p>The <strong>Purpurrote Alpenveilchen<\/strong>also <strong>Cyclamen purpurascens<\/strong> genannt, ist ein Highlight der Alpen. Es ist winterhart und bildet Knollen. Seine herzf\u00f6rmigen Bl\u00e4tter und zarten, purpurfarbenen Bl\u00fcten sind einzigartig.<\/p>\n\n\n\n<h3 class=\"wp-block-heading\"><span class=\"ez-toc-section\" id=\"Botanische_Einordnung_und_Herkunft\"><\/span>Botanische Einordnung und Herkunft<span class=\"ez-toc-section-end\"><\/span><\/h3>\n\n\n\n<p><strong>Cyclamen purpurascens<\/strong> stammt aus der Familie der Primulaceae. Es kommt aus den Alpenregionen Europas. Die Pflanze w\u00e4chst aus einer Knolle und gedeiht in kalten Klimazonen.<\/p>\n\n\n\n<h3 class=\"wp-block-heading\"><span class=\"ez-toc-section\" id=\"Erscheinungsbild_und_Besonderheiten\"><\/span>Erscheinungsbild und Besonderheiten<span class=\"ez-toc-section-end\"><\/span><\/h3>\n\n\n\n<p>The <strong>Purpurrote Alpenveilchen<\/strong> hat charakteristische herzf\u00f6rmige Bl\u00e4tter. Diese sind oft mit silbernen oder dunklen Markierungen versehen. Die Bl\u00fcten erscheinen im Sommer und sind purpurfarben.<\/p>\n\n\n\n<h4 class=\"wp-block-heading\"><span class=\"ez-toc-section\" id=\"Bluten_und_Blatter\"><\/span>Bl\u00fcten und Bl\u00e4tter<span class=\"ez-toc-section-end\"><\/span><\/h4>\n\n\n\n<p>Die Bl\u00fcten des Purpurroten Alpenveilchens sind zart und besonder. Die Bl\u00e4tter sind herzf\u00f6rmig und k\u00f6nnen silberne oder dunkle Muster haben.<\/p>\n\n\n\n<h4 class=\"wp-block-heading\"><span class=\"ez-toc-section\" id=\"Knollenform_und_-grose\"><\/span>Knollenform und -gr\u00f6\u00dfe<span class=\"ez-toc-section-end\"><\/span><\/h4>\n\n\n\n<p>Die Knolle des Cyclamen purpurascens ist rundlich. Sie variiert je nach Alter und Wachstumsbedingungen. Die Knolle speichert N\u00e4hrstoffe f\u00fcr die Pflanze.<\/p>\n\n\n\n<h3 class=\"wp-block-heading\"><span class=\"ez-toc-section\" id=\"Naturlicher_Lebensraum\"><\/span>Nat\u00fcrlicher Lebensraum<span class=\"ez-toc-section-end\"><\/span><\/h3>\n\n\n\n<p>Das Purpurrote Alpenveilchen w\u00e4chst in den Alpen in schattigen, feuchten Gebieten. Es bevorzugt kalkhaltige B\u00f6den und w\u00e4chst oft unter B\u00e4umen oder in felsigen Bereichen.<\/p>\n\n\n\n<figure class=\"wp-block-table\"><table class=\"has-fixed-layout\"><tbody><tr><th>Feature<\/th><th>Description<\/th><\/tr><tr><td>Bl\u00fctenfarbe<\/td><td>Purpurfarben<\/td><\/tr><tr><td>Blattform<\/td><td>Herzf\u00f6rmig<\/td><\/tr><tr><td>Knollenform<\/td><td>Rundlich<\/td><\/tr><tr><td>Bevorzugter Boden<\/td><td>Kalkhaltig<\/td><\/tr><\/tbody><\/table><\/figure>\n\n\n\n<h2 class=\"wp-block-heading\"><span class=\"ez-toc-section\" id=\"Standortanspruche_von_Cyclamen_purpurascens\"><\/span>Standortanspr\u00fcche von Cyclamen purpurascens<span class=\"ez-toc-section-end\"><\/span><\/h2>\n\n\n\n<p>Cyclamen purpurascens braucht spezielle Bedingungen, um gut zu wachsen. Der richtige Standort ist sehr wichtig f\u00fcr ihre Gesundheit und Sch\u00f6nheit.<\/p>\n\n\n\n<h3 class=\"wp-block-heading\"><span class=\"ez-toc-section\" id=\"Lichtbedarf_und_ideale_Positionierung\"><\/span>Lichtbedarf und ideale Positionierung<span class=\"ez-toc-section-end\"><\/span><\/h3>\n\n\n\n<p>Cyclamen purpurascens mag es halbschattig. Zu viel Sonne kann Sch\u00e4den an Bl\u00e4ttern und Bl\u00fcten verursachen. Ein gesch\u00fctzter Ort ist am besten. <em>Beispiele f\u00fcr gute Orte sind unter B\u00e4umen oder bei Str\u00e4uchern.<\/em><\/p>\n\n\n\n<figure class=\"wp-block-image\"><img decoding=\"async\" src=\"https:\/\/storage.googleapis.com\/48877118-7272-4a4d-b302-0465d8aa4548\/03c7ec0b-7d23-430f-af0e-1a4701722267\/1d2f0ca5-7392-4190-9d6d-b36382652ffc.jpg\" alt=\"Cyclamen purpurascens im Halbschatten\"\/><\/figure>\n\n\n\n<h3 class=\"wp-block-heading\"><span class=\"ez-toc-section\" id=\"Temperaturanforderungen_im_Jahresverlauf\"><\/span>Temperaturanforderungen im Jahresverlauf<span class=\"ez-toc-section-end\"><\/span><\/h3>\n\n\n\n<p>Die Temperatur, die Cyclamen purpurascens braucht, \u00e4ndert sich mit der Jahreszeit. Im Wachstumszeitraum m\u00f6gen sie es zwischen 15\u00b0C und 20\u00b0C. Im Sommer, wenn sie ruhen, sollte es nicht zu warm sein.<\/p>\n\n\n\n<h3 class=\"wp-block-heading\"><span class=\"ez-toc-section\" id=\"Geeignete_Boden_und_Substrate\"><\/span>Geeignete B\u00f6den und Substrate<span class=\"ez-toc-section-end\"><\/span><\/h3>\n\n\n\n<p>Der Boden muss gut durchl\u00e4ssig und reich an organischen Stoffen sein. Ein lockerer, n\u00e4hrstoffreicher Boden hilft den Wurzeln.<\/p>\n\n\n\n<h4 class=\"wp-block-heading\"><span class=\"ez-toc-section\" id=\"pH-Wert_und_Bodenbeschaffenheit\"><\/span>pH-Wert und Bodenbeschaffenheit<span class=\"ez-toc-section-end\"><\/span><\/h4>\n\n\n\n<p>Der beste pH-Wert f\u00fcr Cyclamen purpurascens ist zwischen 6,0 und 7,0. Ein leicht saurer bis neutraler Boden ist am besten.<\/p>\n\n\n\n<h4 class=\"wp-block-heading\"><span class=\"ez-toc-section\" id=\"Drainage_und_Wasserdurchlassigkeit\"><\/span>Drainage und Wasserdurchl\u00e4ssigkeit<span class=\"ez-toc-section-end\"><\/span><\/h4>\n\n\n\n<p>Es ist wichtig, dass der Boden gut drainiert, um Staun\u00e4sse zu verhindern. Sand oder Perlite im Substrat verbessert die Wasserdurchl\u00e4ssigkeit.<\/p>\n\n\n\n<figure class=\"wp-block-table\"><table class=\"has-fixed-layout\"><tbody><tr><th>Standortfaktor<\/th><th>Anforderung<\/th><\/tr><tr><td>Licht<\/td><td>Halbschattig<\/td><\/tr><tr><td>Temperatur<\/td><td>Moderate Temperaturen (15\u00b0C &#8211; 20\u00b0C)<\/td><\/tr><tr><td>Boden<\/td><td>Gut drainiert, reich an organischen Stoffen<\/td><\/tr><\/tbody><\/table><\/figure>\n\n\n\n<h2 class=\"wp-block-heading\"><span class=\"ez-toc-section\" id=\"Die_richtige_Pflege_des_Alpenveilchens\"><\/span>Die richtige Pflege des Alpenveilchens<span class=\"ez-toc-section-end\"><\/span><\/h2>\n\n\n\n<p>The <strong>Pflege<\/strong> von Cyclamen purpurascens ist sehr wichtig. Sie hilft der Pflanze, gesund zu wachsen und sch\u00f6n zu bl\u00fchen. <strong>Bew\u00e4sserung<\/strong>, <strong>D\u00fcngung<\/strong> and <strong>\u00dcberwinterung<\/strong> sind dabei sehr wichtig.<\/p>\n\n\n\n<h3 class=\"wp-block-heading\"><span class=\"ez-toc-section\" id=\"Bewasserung_Haufigkeit_und_Methoden\"><\/span>Bew\u00e4sserung: H\u00e4ufigkeit und Methoden<span class=\"ez-toc-section-end\"><\/span><\/h3>\n\n\n\n<p>W\u00e4hrend der Wachstumsphase braucht Cyclamen purpurascens viel Wasser. Der Boden muss feucht sein, aber nicht zu nass.<\/p>\n\n\n\n<h4 class=\"wp-block-heading\"><span class=\"ez-toc-section\" id=\"Giestechniken\"><\/span>Gie\u00dftechniken<span class=\"ez-toc-section-end\"><\/span><\/h4>\n\n\n\n<p>Es ist besser, die Pflanze von unten zu gie\u00dfen. So bleiben Bl\u00e4tter und Bl\u00fcten trocken. Man kann den Topf in Wasser tauchen oder eine lange Gie\u00dfkanne verwenden.<\/p>\n\n\n\n<h4 class=\"wp-block-heading\"><span class=\"ez-toc-section\" id=\"Wasserbedarf_nach_Jahreszeit\"><\/span>Wasserbedarf nach Jahreszeit<span class=\"ez-toc-section-end\"><\/span><\/h4>\n\n\n\n<p>Der Wasserbedarf \u00e4ndert sich mit der Jahreszeit. Im Fr\u00fchjahr und Herbst braucht die Pflanze mehr Wasser. Im Sommer und Winter braucht sie weniger.<\/p>\n\n\n\n<figure class=\"wp-block-table\"><table class=\"has-fixed-layout\"><tbody><tr><th>Jahreszeit<\/th><th>Wasserbedarf<\/th><\/tr><tr><td>Fr\u00fchling<\/td><td>High<\/td><\/tr><tr><td>Sommer<\/td><td>Low<\/td><\/tr><tr><td>Herbst<\/td><td>High<\/td><\/tr><tr><td>Winter<\/td><td>Low<\/td><\/tr><\/tbody><\/table><\/figure>\n\n\n\n<h3 class=\"wp-block-heading\"><span class=\"ez-toc-section\" id=\"Dungung_fur_gesundes_Wachstum\"><\/span>D\u00fcngung f\u00fcr gesundes Wachstum<span class=\"ez-toc-section-end\"><\/span><\/h3>\n\n\n\n<p>Eine moderate <strong>D\u00fcngung<\/strong> hilft Cyclamen purpurascens zu wachsen. Ein ausgewogener D\u00fcnger w\u00e4hrend der Wachstumsphase st\u00e4rkt die Pflanze.<\/p>\n\n\n\n<h3 class=\"wp-block-heading\"><span class=\"ez-toc-section\" id=\"Uberwinterung_und_Ruhephasen\"><\/span>\u00dcberwinterung und Ruhephasen<span class=\"ez-toc-section-end\"><\/span><\/h3>\n\n\n\n<p>Im Winter sollte Cyclamen purpurascens k\u00fchl und trocken sein. Das hilft, neue Bl\u00fcten und Bl\u00e4tter zu bilden.<\/p>\n\n\n\n<h2 class=\"wp-block-heading\"><span class=\"ez-toc-section\" id=\"Cyclamen_purpurascens_Erfolgreiche_Vermehrungsmethoden\"><\/span>Cyclamen purpurascens: Erfolgreiche Vermehrungsmethoden<span class=\"ez-toc-section-end\"><\/span><\/h2>\n\n\n\n<p>Es gibt zwei Hauptmethoden, um Cyclamen purpurascens zu vermehren. Man kann die Pflanzen durch <strong>Samen<\/strong> oder durch <strong>Teilung der Knollen<\/strong> vermehren. Jede Methode hat ihre eigenen Vorteile und Anforderungen.<\/p>\n\n\n\n<h3 class=\"wp-block-heading\"><span class=\"ez-toc-section\" id=\"Vermehrung_durch_Samen\"><\/span>Vermehrung durch Samen<span class=\"ez-toc-section-end\"><\/span><\/h3>\n\n\n\n<p>The <strong>Vermehrung<\/strong> durch <strong>Samen<\/strong> ist eine beliebte Methode. Der Prozess beginnt mit der <strong>Saatgutgewinnung<\/strong>. The <strong>Samen<\/strong> m\u00fcssen reif sein, bevor man sie erntet.<\/p>\n\n\n\n<h4 class=\"wp-block-heading\"><span class=\"ez-toc-section\" id=\"Saatgutgewinnung\"><\/span>Saatgutgewinnung<span class=\"ez-toc-section-end\"><\/span><\/h4>\n\n\n\n<p>Man nimmt die reifen Samen aus den Fruchtkapseln. Es ist wichtig, die Samen gut zu trocknen, bevor man sie lagert.<\/p>\n\n\n\n<h4 class=\"wp-block-heading\"><span class=\"ez-toc-section\" id=\"Aussaat_und_Keimung\"><\/span>Aussaat und Keimung<span class=\"ez-toc-section-end\"><\/span><\/h4>\n\n\n\n<p>Die Aussaat erfolgt in einem durchl\u00e4ssigen Substrat. Die Samen brauchen eine bestimmte Temperatur und Feuchtigkeit, um zu keimen.<\/p>\n\n\n\n<figure class=\"wp-block-table\"><table class=\"has-fixed-layout\"><tbody><tr><th>Parameter<\/th><th>Anforderung<\/th><\/tr><tr><td>Temperatur<\/td><td>15-20\u00b0C<\/td><\/tr><tr><td>Feuchtigkeit<\/td><td>leichte Feuchtigkeit<\/td><\/tr><tr><td>Substrat<\/td><td>gut durchl\u00e4ssig<\/td><\/tr><\/tbody><\/table><\/figure>\n\n\n\n<h3 class=\"wp-block-heading\"><span class=\"ez-toc-section\" id=\"Teilung_der_Knollen\"><\/span>Teilung der Knollen<span class=\"ez-toc-section-end\"><\/span><\/h3>\n\n\n\n<p>The <strong>Teilung der Knollen<\/strong> ist eine weitere effektive Methode. Diese Methode sollte sorgf\u00e4ltig durchgef\u00fchrt werden, um die Pflanze nicht zu sch\u00e4digen.<\/p>\n\n\n\n<h3 class=\"wp-block-heading\"><span class=\"ez-toc-section\" id=\"Zeitpunkt_und_Vorgehensweise\"><\/span>Zeitpunkt und Vorgehensweise<span class=\"ez-toc-section-end\"><\/span><\/h3>\n\n\n\n<p>Der beste Zeitpunkt f\u00fcr die Teilung ist w\u00e4hrend der Ruhephase der Pflanze. Man sollte die Knollen vorsichtig teilen und die Teile in ein geeignetes Substrat pflanzen.<\/p>\n\n\n\n<figure class=\"wp-block-image\"><img decoding=\"async\" src=\"https:\/\/storage.googleapis.com\/48877118-7272-4a4d-b302-0465d8aa4548\/03c7ec0b-7d23-430f-af0e-1a4701722267\/e00aec9b-c1ec-4491-be66-722d84225f46.jpg\" alt=\"Cyclamen purpurascens Vermehrung\"\/><\/figure>\n\n\n\n<p>Beide Methoden erm\u00f6glichen es, Cyclamen purpurascens erfolgreich zu vermehren. Mit der richtigen Anwendung k\u00f6nnen Sie Ihre Pflanzen vermehren und ihre Sch\u00f6nheit genie\u00dfen.<\/p>\n\n\n\n<h2 class=\"wp-block-heading\"><span class=\"ez-toc-section\" id=\"Krankheiten_und_Schadlinge_erkennen_und_bekampfen\"><\/span>Krankheiten und Sch\u00e4dlinge erkennen und bek\u00e4mpfen<span class=\"ez-toc-section-end\"><\/span><\/h2>\n\n\n\n<p>To <strong>Cyclamen purpurascens<\/strong> erfolgreich zu pflegen, ist es wichtig, <strong>Krankheiten<\/strong> and <strong>Sch\u00e4dlinge<\/strong> fr\u00fch zu erkennen. Diese Pflanzen k\u00f6nnen von verschiedenen Problemen befallen werden. Diese Probleme k\u00f6nnen ihre Gesundheit und Sch\u00f6nheit beeintr\u00e4chtigen.<\/p>\n\n\n\n<h3 class=\"wp-block-heading\"><span class=\"ez-toc-section\" id=\"Typische_Krankheitsbilder\"><\/span>Typische Krankheitsbilder<span class=\"ez-toc-section-end\"><\/span><\/h3>\n\n\n\n<p><strong>Krankheiten<\/strong> bei Cyclamen purpurascens k\u00f6nnen durch verschiedene Faktoren verursacht werden. <strong>Pilzerkrankungen<\/strong> and <strong>bakterielle Infektionen<\/strong> sind h\u00e4ufige Probleme. Sie werden oft durch feuchte Bedingungen beg\u00fcnstigt.<\/p>\n\n\n\n<h4 class=\"wp-block-heading\"><span class=\"ez-toc-section\" id=\"Pilzerkrankungen\"><\/span>Pilzerkrankungen<span class=\"ez-toc-section-end\"><\/span><\/h4>\n\n\n\n<p><strong>Pilzerkrankungen<\/strong> k\u00f6nnen zu Symptomen wie <em>Welke<\/em>, Verf\u00e4rbungen und F\u00e4ulnis f\u00fchren. Ein Beispiel daf\u00fcr ist die <strong>Grauschimmelf\u00e4ule<\/strong>, verursacht durch den Pilz <em>Botrytis cinerea<\/em>.<\/p>\n\n\n\n<figure class=\"wp-block-image\"><img decoding=\"async\" src=\"https:\/\/storage.googleapis.com\/48877118-7272-4a4d-b302-0465d8aa4548\/03c7ec0b-7d23-430f-af0e-1a4701722267\/cf40e4fb-620c-4c6c-9486-9f3e12db3861.jpg\" alt=\"Krankheiten bei Cyclamen purpurascens\"\/><\/figure>\n\n\n\n<p><strong>Bakterielle Infektionen<\/strong> k\u00f6nnen zu <em>Nassf\u00e4ule<\/em> und anderen Symptomen f\u00fchren. Diese Infektionen werden oft durch <strong>Erwinia<\/strong>-Arten verursacht. Sie werden durch feuchte Bedingungen und Verletzungen der Pflanze beg\u00fcnstigt.<\/p>\n\n\n\n<h3 class=\"wp-block-heading\"><span class=\"ez-toc-section\" id=\"Haufige_Schadlinge\"><\/span>H\u00e4ufige Sch\u00e4dlinge<span class=\"ez-toc-section-end\"><\/span><\/h3>\n\n\n\n<p><strong>Sch\u00e4dlinge<\/strong> wie Blattl\u00e4use, Spinnmilben und Trauerm\u00fccken k\u00f6nnen <strong>Cyclamen purpurascens<\/strong> befallen. Diese <strong>Sch\u00e4dlinge<\/strong> ern\u00e4hren sich von Pflanzens\u00e4ften oder -teilen. Sie k\u00f6nnen <strong>Krankheiten<\/strong> \u00fcbertragen.<\/p>\n\n\n\n<h3 class=\"wp-block-heading\"><span class=\"ez-toc-section\" id=\"Biologische_und_chemische_Bekampfungsmethoden\"><\/span>Biologische und chemische Bek\u00e4mpfungsmethoden<span class=\"ez-toc-section-end\"><\/span><\/h3>\n\n\n\n<p>Es gibt verschiedene Methoden, um <strong>Krankheiten<\/strong> and <strong>Sch\u00e4dlinge<\/strong> bei <strong>Cyclamen purpurascens<\/strong> zu bek\u00e4mpfen. Biologische Methoden nutzen N\u00fctzlinge wie <em>Raubmilben<\/em> and <em>Schlupfwespen<\/em>. Chemische Methoden nutzen Fungizide und Insektizide.<\/p>\n\n\n\n<blockquote class=\"wp-block-quote is-layout-flow wp-block-quote-is-layout-flow\">\n<p>&#8220;Die richtige <strong>Pflege<\/strong> und Aufmerksamkeit k\u00f6nnen helfen, Krankheiten und Sch\u00e4dlinge fr\u00fchzeitig zu erkennen und zu bek\u00e4mpfen.&#8221;<\/p>\n<\/blockquote>\n\n\n\n<h2 class=\"wp-block-heading\"><span class=\"ez-toc-section\" id=\"Cyclamen_purpurascens_in_der_Homoopathie_und_Medizin\"><\/span>Cyclamen purpurascens in der Hom\u00f6opathie und Medizin<span class=\"ez-toc-section-end\"><\/span><\/h2>\n\n\n\n<p>Cyclamen purpurascens wird in der <strong>Hom\u00f6opathie<\/strong> and <strong>Medizin<\/strong> vielf\u00e4ltig eingesetzt. Es hilft bei Hautproblemen und emotionalen St\u00f6rungen. Diese Pflanze ist in der hom\u00f6opathischen Praxis sehr gesch\u00e4tzt.<\/p>\n\n\n\n<figure class=\"wp-block-image\"><img decoding=\"async\" src=\"https:\/\/storage.googleapis.com\/48877118-7272-4a4d-b302-0465d8aa4548\/03c7ec0b-7d23-430f-af0e-1a4701722267\/cf42eef8-a5fd-4259-b6e1-8ac9058485e6.jpg\" alt=\"Cyclamen purpurascens in der Hom\u00f6opathie\"\/><\/figure>\n\n\n\n<h3 class=\"wp-block-heading\"><span class=\"ez-toc-section\" id=\"Traditionelle_Anwendungsgebiete\"><\/span>Traditionelle Anwendungsgebiete<span class=\"ez-toc-section-end\"><\/span><\/h3>\n\n\n\n<p>Cyclamen purpurascens wurde traditionell f\u00fcr verschiedene Beschwerden verwendet. Es half bei <strong>Hauterkrankungen<\/strong> and <em>emotionale Ungleichgewichte<\/em>. Die Pflanze wirkt auf das Nervensystem und die Haut.<\/p>\n\n\n\n<h3 class=\"wp-block-heading\"><span class=\"ez-toc-section\" id=\"Moderne_homoopathische_Verwendung\"><\/span>Moderne hom\u00f6opathische Verwendung<span class=\"ez-toc-section-end\"><\/span><\/h3>\n\n\n\n<p>In der modernen Hom\u00f6opathie wird Cyclamen purpurascens in verschiedenen Bereichen eingesetzt. Es hilft bei <strong>Menstruationsbeschwerden<\/strong> and <em>psychischen Belastungen<\/em>. Es wird in verschiedenen Potenzen verwendet, um die beste Wirkung zu erzielen.<\/p>\n\n\n\n<h4 class=\"wp-block-heading\"><span class=\"ez-toc-section\" id=\"Cyclamen_purpurascens_Dil_D3\"><\/span>Cyclamen purpurascens Dil. D3<span class=\"ez-toc-section-end\"><\/span><\/h4>\n\n\n\n<p><strong>Cyclamen purpurascens Dil. D3<\/strong> ist eine beliebte Potenz in der Hom\u00f6opathie. Es wird bei <strong>Menstruationsst\u00f6rungen<\/strong> and <em>Stimmungsschwankungen<\/em> empfohlen.<\/p>\n\n\n\n<h4 class=\"wp-block-heading\"><span class=\"ez-toc-section\" id=\"Dosierung_und_Anwendung\"><\/span>Dosierung und Anwendung<span class=\"ez-toc-section-end\"><\/span><\/h4>\n\n\n\n<p>The dosage of <strong>Cyclamen purpurascens Dil. D3<\/strong> sollte individuell sein. Im Allgemeinen empfiehlt man <strong>3-5 Tropfen<\/strong> mehrmals t\u00e4glich. Es ist wichtig, vor der Anwendung einen Arzt zu konsultieren.<\/p>\n\n\n\n<h3 class=\"wp-block-heading\"><span class=\"ez-toc-section\" id=\"Mogliche_Nebenwirkungen_und_Vorsichtsmasnahmen\"><\/span>M\u00f6gliche Nebenwirkungen und Vorsichtsma\u00dfnahmen<span class=\"ez-toc-section-end\"><\/span><\/h3>\n\n\n\n<p>Bei Cyclamen purpurascens k\u00f6nnen <strong>Side effects<\/strong> auftreten. Dazu geh\u00f6ren <em>allergische Reaktionen<\/em> and <strong>Wechselwirkungen mit anderen Medikamenten<\/strong>. Vor der Anwendung sollte man einen Arzt konsultieren, besonders bei anderen Gesundheitsproblemen oder Medikamenteneinnahme.<\/p>\n\n\n\n<h2 class=\"wp-block-heading\"><span class=\"ez-toc-section\" id=\"Gestaltungsideen_mit_dem_Purpurroten_Alpenveilchen\"><\/span>Gestaltungsideen mit dem Purpurroten Alpenveilchen<span class=\"ez-toc-section-end\"><\/span><\/h2>\n\n\n\n<p>Das Purpurrote Alpenveilchen ist sehr vielseitig. Es passt sowohl in den Garten als auch in die Wohnung. Es gibt viele M\u00f6glichkeiten, es zu gestalten, f\u00fcr Anf\u00e4nger und erfahrene G\u00e4rtner.<\/p>\n\n\n\n<h3 class=\"wp-block-heading\"><span class=\"ez-toc-section\" id=\"Als_Zimmerpflanze\"><\/span>Als Zimmerpflanze<span class=\"ez-toc-section-end\"><\/span><\/h3>\n\n\n\n<p>Cyclamen purpurascens ist eine tolle <strong>Zimmerpflanze<\/strong>. Es bringt Eleganz in jeden Raum. Man kann es auf Tischen oder Regalen platzieren.<\/p>\n\n\n\n<p>Es mag k\u00fchle Orte mit wenig Licht. Das macht es perfekt f\u00fcr R\u00e4ume mit wenig Sonne.<\/p>\n\n\n\n<h3 class=\"wp-block-heading\"><span class=\"ez-toc-section\" id=\"Im_Garten_und_auf_dem_Balkon\"><\/span>Im Garten und auf dem Balkon<span class=\"ez-toc-section-end\"><\/span><\/h3>\n\n\n\n<p>Im Garten w\u00e4chst Cyclamen purpurascens gut im Schatten. Es ist ideal f\u00fcr <em>Schattenpflanzen<\/em>. Zusammen mit anderen Pflanzen kann es den Garten vielf\u00e4ltig machen.<\/p>\n\n\n\n<h4 class=\"wp-block-heading\"><span class=\"ez-toc-section\" id=\"Als_Bodendecker_im_Schattengarten\"><\/span>Als Bodendecker im Schattengarten<span class=\"ez-toc-section-end\"><\/span><\/h4>\n\n\n\n<p>As <strong>Bodendecker<\/strong> im Schatten ist Cyclamen purpurascens sehr n\u00fctzlich. Es bedeckt kahle Fl\u00e4chen. Es h\u00e4lt Unkraut fern und sch\u00fctzt den Boden.<\/p>\n\n\n\n<h4 class=\"wp-block-heading\"><span class=\"ez-toc-section\" id=\"Winterharte_Verwendung\"><\/span>Winterharte Verwendung<span class=\"ez-toc-section-end\"><\/span><\/h4>\n\n\n\n<p>Cyclamen purpurascens ist winterhart. Es kann auch im kalten Winter drau\u00dfen bleiben. Das ist super f\u00fcr G\u00e4rten in gem\u00e4\u00dfigten Klimazonen.<\/p>\n\n\n\n<h3 class=\"wp-block-heading\"><span class=\"ez-toc-section\" id=\"Kombination_mit_anderen_Pflanzen\"><\/span>Kombination mit anderen Pflanzen<span class=\"ez-toc-section-end\"><\/span><\/h3>\n\n\n\n<p>Man kann Cyclamen purpurascens mit anderen Pflanzen kombinieren. Das schafft eine spannende <strong><a href=\"https:\/\/gbl-eshop.net\/en\/product\/gamma-butyrolacton-kaufen\/\">Gartengestaltung<\/a><\/strong>. Es passt gut zu <em>Farnen<\/em> and <em>immergr\u00fcnen Str\u00e4uchern<\/em>.<\/p>\n\n\n\n<figure class=\"wp-block-table\"><table class=\"has-fixed-layout\"><tbody><tr><th>Pflanze<\/th><th>Standort<\/th><th>Kombination<\/th><\/tr><tr><td>Cyclamen purpurascens<\/td><td>Schatten<\/td><td>Farne, Immergr\u00fcne<\/td><\/tr><tr><td>Ferne<\/td><td>Schatten<\/td><td>Cyclamen, Immergr\u00fcne<\/td><\/tr><tr><td>Immergr\u00fcne Str\u00e4ucher<\/td><td>Schatten bis Halbschatten<\/td><td>Cyclamen, Farne<\/td><\/tr><\/tbody><\/table><\/figure>\n\n\n\n<figure class=\"wp-block-image\"><img decoding=\"async\" src=\"https:\/\/storage.googleapis.com\/48877118-7272-4a4d-b302-0465d8aa4548\/03c7ec0b-7d23-430f-af0e-1a4701722267\/ff23f789-a0a3-48d5-b24b-6b842b113e6c.jpg\" alt=\"Cyclamen purpurascens im Garten\"\/><\/figure>\n\n\n\n<h2 class=\"wp-block-heading\"><span class=\"ez-toc-section\" id=\"Cyclamen_purpurascens_kaufen_Worauf_Sie_achten_sollten\"><\/span>Cyclamen purpurascens kaufen: Worauf Sie achten sollten<span class=\"ez-toc-section-end\"><\/span><\/h2>\n\n\n\n<p>Beim Kauf von Cyclamen purpurascens gibt es einiges zu beachten. So stellen Sie sicher, dass Sie eine gesunde Pflanze bekommen.<\/p>\n\n\n\n<h3 class=\"wp-block-heading\"><span class=\"ez-toc-section\" id=\"Qualitatsmerkmale_beim_Kauf\"><\/span>Qualit\u00e4tsmerkmale beim Kauf<span class=\"ez-toc-section-end\"><\/span><\/h3>\n\n\n\n<p>Wichtig ist, dass die Pflanze kr\u00e4ftige, gr\u00fcne Bl\u00e4tter hat. Sie sollte keine Anzeichen von Krankheiten oder Sch\u00e4dlingen zeigen.<\/p>\n\n\n\n<p><strong>Wichtige Qualit\u00e4tsmerkmale:<\/strong><\/p>\n\n\n\n<ul class=\"wp-block-list\">\n<li>Kr\u00e4ftige, gr\u00fcne Bl\u00e4tter<\/li>\n\n\n\n<li>Keine Anzeichen von Krankheiten oder Sch\u00e4dlingen<\/li>\n\n\n\n<li>Robuste Knollen<\/li>\n<\/ul>\n\n\n\n<h3 class=\"wp-block-heading\"><span class=\"ez-toc-section\" id=\"Bezugsquellen_und_Preise\"><\/span>Bezugsquellen und Preise<span class=\"ez-toc-section-end\"><\/span><\/h3>\n\n\n\n<p>Cyclamen purpurascens gibt es in G\u00e4rtnereien, im Fachhandel und online. Die <strong>Prices<\/strong> h\u00e4ngen von Gr\u00f6\u00dfe und Qualit\u00e4t ab.<\/p>\n\n\n\n<h4 class=\"wp-block-heading\"><span class=\"ez-toc-section\" id=\"Gartnereien_und_Fachhandel\"><\/span>G\u00e4rtnereien und Fachhandel<span class=\"ez-toc-section-end\"><\/span><\/h4>\n\n\n\n<p>In G\u00e4rtnereien und Fachhandel finden Sie eine gro\u00dfe Auswahl. Die Pflanzen sind meist gut, und das Personal hilft bei der Pflege.<\/p>\n\n\n\n<h4 class=\"wp-block-heading\"><span class=\"ez-toc-section\" id=\"Online-Bezugsquellen\"><\/span>Online-Bezugsquellen<span class=\"ez-toc-section-end\"><\/span><\/h4>\n\n\n\n<p>Online-Shops sind bequem f\u00fcr den Kauf. Achten Sie auf Bewertungen und Beschreibungen der Pflanzen.<\/p>\n\n\n\n<figure class=\"wp-block-table\"><table class=\"has-fixed-layout\"><tbody><tr><th>Bezugsquelle<\/th><th>Preisspanne<\/th><th>Advantages<\/th><\/tr><tr><td>G\u00e4rtnereien<\/td><td>10-30 \u20ac<\/td><td>Qualit\u00e4tsgarantie, Beratung<\/td><\/tr><tr><td>Fachhandel<\/td><td>15-40 \u20ac<\/td><td>Expertenwissen, Auswahl<\/td><\/tr><tr><td>Online stores<\/td><td>8-25 \u20ac<\/td><td>Bequemlichkeit, Preisvergleich<\/td><\/tr><\/tbody><\/table><\/figure>\n\n\n\n<h3 class=\"wp-block-heading\"><span class=\"ez-toc-section\" id=\"Saisonale_Verfugbarkeit\"><\/span>Saisonale Verf\u00fcgbarkeit<span class=\"ez-toc-section-end\"><\/span><\/h3>\n\n\n\n<p>Cyclamen purpurascens sind nicht das ganze Jahr verf\u00fcgbar. Die beste Zeit zum Kauf ist im Herbst.<\/p>\n\n\n\n<p>Wenn Sie diese Tipps beachten, bekommen Sie eine sch\u00f6ne und gesunde Pflanze.<\/p>\n\n\n\n<h2 class=\"wp-block-heading\"><span class=\"ez-toc-section\" id=\"Fazit_Das_Purpurrote_Alpenveilchen_als_vielseitige_Bereicherung\"><\/span>Fazit: Das Purpurrote Alpenveilchen als vielseitige Bereicherung<span class=\"ez-toc-section-end\"><\/span><\/h2>\n\n\n\n<p>Cyclamen purpurascens ist eine wundersch\u00f6ne Pflanze. Sie passt sowohl in den Garten als auch als <strong><a href=\"https:\/\/borsodchem-pu.com\/product\/1-4-butandiol-kaufen\/\" target=\"_blank\" rel=\"noopener\">Zimmerpflanze<\/a><\/strong>. Sie bietet viele M\u00f6glichkeiten.<\/p>\n\n\n\n<p>Um Cyclamen purpurascens gesund zu halten, ist die richtige Pflege wichtig. Man muss wissen, was sie braucht. So bleibt sie lange sch\u00f6n.<\/p>\n\n\n\n<p>Das Purpurrote Alpenveilchen ist nicht nur sch\u00f6n. Es wird auch in der Hom\u00f6opathie verwendet. Seine Vielseitigkeit macht es zu einem wertvollen Bestandteil f\u00fcr jeden Ort.<\/p>\n\n\n\n<p>Cyclamen purpurascens ist eine tolle Wahl f\u00fcr Pflanzenliebhaber. Mit der richtigen Pflege kann man viel von ihr haben. Sie bringt Sch\u00f6nheit und Nutzen in jeden Raum.<\/p>\n\n\n\n<h2 class=\"wp-block-heading\"><span class=\"ez-toc-section\" id=\"FAQ\"><\/span>FAQ<span class=\"ez-toc-section-end\"><\/span><\/h2>\n\n\n\n<h3 class=\"wp-block-heading\"><span class=\"ez-toc-section\" id=\"Was_ist_Cyclamen_purpurascens_und_wie_wird_es_auch_bezeichnet\"><\/span>Was ist Cyclamen purpurascens und wie wird es auch bezeichnet?<span class=\"ez-toc-section-end\"><\/span><\/h3>\n\n\n\n<p>Cyclamen purpurascens ist auch als das Purpurrote Alpenveilchen bekannt. Es ist eine Pflanzenart, die in den Alpenregionen heimisch ist.<\/p>\n\n\n\n<h3 class=\"wp-block-heading\"><span class=\"ez-toc-section\" id=\"Wie_pflegt_man_Cyclamen_purpurascens_richtig\"><\/span>Wie pflegt man Cyclamen purpurascens richtig?<span class=\"ez-toc-section-end\"><\/span><\/h3>\n\n\n\n<p>Die Pflege umfasst eine angemessene <strong>Bew\u00e4sserung<\/strong>, <strong>D\u00fcngung<\/strong> and <strong>\u00dcberwinterung<\/strong>. Die Pflanze ben\u00f6tigt w\u00e4hrend der Wachstumsphase eine regelm\u00e4\u00dfige <strong>Bew\u00e4sserung<\/strong>. Der Boden sollte jedoch nicht zu nass sein.<\/p>\n\n\n\n<h3 class=\"wp-block-heading\"><span class=\"ez-toc-section\" id=\"Wie_kann_man_Cyclamen_purpurascens_vermehren\"><\/span>Wie kann man Cyclamen purpurascens vermehren?<span class=\"ez-toc-section-end\"><\/span><\/h3>\n\n\n\n<p>Cyclamen purpurascens kann sowohl durch Samen als auch durch <strong>Teilung der Knollen<\/strong> vermehrt werden. Die <strong>Vermehrung<\/strong> durch Samen erfordert die Gewinnung von Saatgut und eine sorgf\u00e4ltige Aussaat.<\/p>\n\n\n\n<h3 class=\"wp-block-heading\"><span class=\"ez-toc-section\" id=\"Welche_Anwendungsgebiete_hat_Cyclamen_purpurascens_in_der_Homoopathie\"><\/span>Welche Anwendungsgebiete hat Cyclamen purpurascens in der Hom\u00f6opathie?<span class=\"ez-toc-section-end\"><\/span><\/h3>\n\n\n\n<p>Cyclamen purpurascens wird in der Hom\u00f6opathie f\u00fcr verschiedene gesundheitliche Beschwerden eingesetzt. Es wird von Hauterkrankungen bis hin zu emotionalen St\u00f6rungen verwendet.<\/p>\n\n\n\n<h3 class=\"wp-block-heading\"><span class=\"ez-toc-section\" id=\"Wo_kann_man_Cyclamen_purpurascens_kaufen_und_worauf_sollte_man_achten\"><\/span>Wo kann man Cyclamen purpurascens kaufen und worauf sollte man achten?<span class=\"ez-toc-section-end\"><\/span><\/h3>\n\n\n\n<p>Cyclamen purpurascens kann in G\u00e4rtnereien, im Fachhandel oder online erworben werden. Beim Kauf sollte man auf bestimmte <strong>Quality features<\/strong> achten, um eine gesunde Pflanze zu erhalten.<\/p>\n\n\n\n<h3 class=\"wp-block-heading\"><span class=\"ez-toc-section\" id=\"Wie_kann_Cyclamen_purpurascens_im_Garten_oder_auf_dem_Balkon_verwendet_werden\"><\/span>Wie kann Cyclamen purpurascens im Garten oder auf dem Balkon verwendet werden?<span class=\"ez-toc-section-end\"><\/span><\/h3>\n\n\n\n<p>Cyclamen purpurascens eignet sich hervorragend als <strong>Bodendecker<\/strong> in schattigen Bereichen. Es kann in Kombination mit anderen Pflanzen f\u00fcr eine vielf\u00e4ltige Gestaltung genutzt werden.<\/p>\n\n\n\n<h3 class=\"wp-block-heading\"><span class=\"ez-toc-section\" id=\"Welche_Krankheiten_und_Schadlinge_konnen_Cyclamen_purpurascens_befallen\"><\/span>Welche Krankheiten und Sch\u00e4dlinge k\u00f6nnen Cyclamen purpurascens befallen?<span class=\"ez-toc-section-end\"><\/span><\/h3>\n\n\n\n<p>Cyclamen purpurascens kann von Pilzerkrankheiten, bakteriellen Infektionen und Sch\u00e4dlingen wie Blattl\u00e4usen und Spinnmilben befallen werden.<\/p>\n\n\n\n<h3 class=\"wp-block-heading\"><span class=\"ez-toc-section\" id=\"Wie_uberwintert_man_Cyclamen_purpurascens\"><\/span>Wie \u00fcberwintert man Cyclamen purpurascens?<span class=\"ez-toc-section-end\"><\/span><\/h3>\n\n\n\n<p>W\u00e4hrend der Ruhephase sollte die Pflanze k\u00fchl und trocken gehalten werden.<\/p>\n\n\n\n<h3 class=\"wp-block-heading\"><span class=\"ez-toc-section\" id=\"Was_sind_die_Vorteile_von_Cyclamen_purpurascens_Dil_D3\"><\/span>Was sind die Vorteile von Cyclamen purpurascens Dil. D3?<span class=\"ez-toc-section-end\"><\/span><\/h3>\n\n\n\n<p><strong>Cyclamen purpurascens Dil. D3<\/strong> ist eine hom\u00f6opathische Zubereitung. Sie wird f\u00fcr verschiedene gesundheitliche Beschwerden eingesetzt. Die Dosierung und Anwendung sollten jedoch sorgf\u00e4ltig beachtet werden.<\/p>","protected":false},"excerpt":{"rendered":"<p>Die purpurrote Alpenveilchen-Sorte ist eine der sch\u00f6nsten Zimmerpflanzen. Sie ist bekannt f\u00fcr ihre atemberaubenden Bl\u00fcten. Ein interessantes Faktum ist, dass diese Pflanze in der Hom\u00f6opathie vielf\u00e4ltig eingesetzt wird. Mit ihrer eleganten Erscheinung und einfachen Pflege ist die Cyclamen purpurascens sehr beliebt. Sie ist nicht nur sch\u00f6n, sondern auch therapeutisch wertvoll. Wichtige Erkenntnisse Das Purpurrote Alpenveilchen: [&hellip;]<\/p>\n","protected":false},"author":1,"featured_media":2363,"comment_status":"open","ping_status":"open","sticky":false,"template":"","format":"standard","meta":{"ocean_post_layout":"","ocean_both_sidebars_style":"","ocean_both_sidebars_content_width":0,"ocean_both_sidebars_sidebars_width":0,"ocean_sidebar":"","ocean_second_sidebar":"","ocean_disable_margins":"enable","ocean_add_body_class":"","ocean_shortcode_before_top_bar":"","ocean_shortcode_after_top_bar":"","ocean_shortcode_before_header":"","ocean_shortcode_after_header":"","ocean_has_shortcode":"","ocean_shortcode_after_title":"","ocean_shortcode_before_footer_widgets":"","ocean_shortcode_after_footer_widgets":"","ocean_shortcode_before_footer_bottom":"","ocean_shortcode_after_footer_bottom":"","ocean_display_top_bar":"default","ocean_display_header":"default","ocean_header_style":"","ocean_center_header_left_menu":"","ocean_custom_header_template":"","ocean_custom_logo":0,"ocean_custom_retina_logo":0,"ocean_custom_logo_max_width":0,"ocean_custom_logo_tablet_max_width":0,"ocean_custom_logo_mobile_max_width":0,"ocean_custom_logo_max_height":0,"ocean_custom_logo_tablet_max_height":0,"ocean_custom_logo_mobile_max_height":0,"ocean_header_custom_menu":"","ocean_menu_typo_font_family":"","ocean_menu_typo_font_subset":"","ocean_menu_typo_font_size":0,"ocean_menu_typo_font_size_tablet":0,"ocean_menu_typo_font_size_mobile":0,"ocean_menu_typo_font_size_unit":"px","ocean_menu_typo_font_weight":"","ocean_menu_typo_font_weight_tablet":"","ocean_menu_typo_font_weight_mobile":"","ocean_menu_typo_transform":"","ocean_menu_typo_transform_tablet":"","ocean_menu_typo_transform_mobile":"","ocean_menu_typo_line_height":0,"ocean_menu_typo_line_height_tablet":0,"ocean_menu_typo_line_height_mobile":0,"ocean_menu_typo_line_height_unit":"","ocean_menu_typo_spacing":0,"ocean_menu_typo_spacing_tablet":0,"ocean_menu_typo_spacing_mobile":0,"ocean_menu_typo_spacing_unit":"","ocean_menu_link_color":"","ocean_menu_link_color_hover":"","ocean_menu_link_color_active":"","ocean_menu_link_background":"","ocean_menu_link_hover_background":"","ocean_menu_link_active_background":"","ocean_menu_social_links_bg":"","ocean_menu_social_hover_links_bg":"","ocean_menu_social_links_color":"","ocean_menu_social_hover_links_color":"","ocean_disable_title":"default","ocean_disable_heading":"default","ocean_post_title":"","ocean_post_subheading":"","ocean_post_title_style":"","ocean_post_title_background_color":"","ocean_post_title_background":0,"ocean_post_title_bg_image_position":"","ocean_post_title_bg_image_attachment":"","ocean_post_title_bg_image_repeat":"","ocean_post_title_bg_image_size":"","ocean_post_title_height":0,"ocean_post_title_bg_overlay":0.5,"ocean_post_title_bg_overlay_color":"","ocean_disable_breadcrumbs":"default","ocean_breadcrumbs_color":"","ocean_breadcrumbs_separator_color":"","ocean_breadcrumbs_links_color":"","ocean_breadcrumbs_links_hover_color":"","ocean_display_footer_widgets":"default","ocean_display_footer_bottom":"default","ocean_custom_footer_template":"","_jetpack_memberships_contains_paid_content":false,"ocean_post_oembed":"","ocean_post_self_hosted_media":"","ocean_post_video_embed":"","ocean_link_format":"","ocean_link_format_target":"self","ocean_quote_format":"","ocean_quote_format_link":"post","ocean_gallery_link_images":"on","ocean_gallery_id":[],"footnotes":""},"categories":[1],"tags":[],"class_list":["post-2362","post","type-post","status-publish","format-standard","has-post-thumbnail","hentry","category-blog","entry","has-media","owp-thumbs-layout-horizontal","owp-btn-normal","owp-tabs-layout-horizontal","has-no-thumbnails","has-product-nav"],"jetpack_featured_media_url":"https:\/\/gbl-eshop.net\/wp-content\/uploads\/2025\/07\/Cyclamen-purpurascens.jpg","jetpack_sharing_enabled":true,"_links":{"self":[{"href":"https:\/\/gbl-eshop.net\/en\/wp-json\/wp\/v2\/posts\/2362","targetHints":{"allow":["GET"]}}],"collection":[{"href":"https:\/\/gbl-eshop.net\/en\/wp-json\/wp\/v2\/posts"}],"about":[{"href":"https:\/\/gbl-eshop.net\/en\/wp-json\/wp\/v2\/types\/post"}],"author":[{"embeddable":true,"href":"https:\/\/gbl-eshop.net\/en\/wp-json\/wp\/v2\/users\/1"}],"replies":[{"embeddable":true,"href":"https:\/\/gbl-eshop.net\/en\/wp-json\/wp\/v2\/comments?post=2362"}],"version-history":[{"count":2,"href":"https:\/\/gbl-eshop.net\/en\/wp-json\/wp\/v2\/posts\/2362\/revisions"}],"predecessor-version":[{"id":2365,"href":"https:\/\/gbl-eshop.net\/en\/wp-json\/wp\/v2\/posts\/2362\/revisions\/2365"}],"wp:featuredmedia":[{"embeddable":true,"href":"https:\/\/gbl-eshop.net\/en\/wp-json\/wp\/v2\/media\/2363"}],"wp:attachment":[{"href":"https:\/\/gbl-eshop.net\/en\/wp-json\/wp\/v2\/media?parent=2362"}],"wp:term":[{"taxonomy":"category","embeddable":true,"href":"https:\/\/gbl-eshop.net\/en\/wp-json\/wp\/v2\/categories?post=2362"},{"taxonomy":"post_tag","embeddable":true,"href":"https:\/\/gbl-eshop.net\/en\/wp-json\/wp\/v2\/tags?post=2362"}],"curies":[{"name":"wp","href":"https:\/\/api.w.org\/{rel}","templated":true}]}}